{"id":5838,"date":"2026-04-17T09:55:39","date_gmt":"2026-04-17T15:55:39","guid":{"rendered":"https:\/\/cosefin.org\/?p=5838"},"modified":"2026-04-27T08:50:21","modified_gmt":"2026-04-27T14:50:21","slug":"la-region-fortalece-su-capacidad-fiscal-para-enfrentar-los-desafios-de-la-tributacion-internacional","status":"publish","type":"post","link":"https:\/\/cosefin.org\/en\/la-region-fortalece-su-capacidad-fiscal-para-enfrentar-los-desafios-de-la-tributacion-internacional\/","title":{"rendered":"The region is strengthening its fiscal capacity to face the challenges of international taxation"},"content":{"rendered":"<p data-start=\"70\" data-end=\"839\">In Antigua Guatemala, from April <strong>13 to 16, 2026<\/strong>, <strong>the Regional Workshop on Transfer Pricing \u2013 Advanced<\/strong> Level was held, a high-level technical space aimed at strengthening specialized capacities in tax audit practices. The event was jointly organized by the <b><span data-contrast=\"auto\">Superintendencia de Administraci\u00f3n Tributaria de Guatemala (SAT)<\/span><\/b><span data-contrast=\"auto\">, la\u00a0<\/span><b><span data-contrast=\"auto\">Organizaci\u00f3n para la Cooperaci\u00f3n y el Desarrollo Econ\u00f3micos (OCDE) y<\/span><\/b><span data-contrast=\"auto\">\u00a0la\u00a0<\/span><b><span data-contrast=\"auto\">Secretar\u00eda Ejecutiva del Consejo de Ministros de Hacienda o Finanzas de Centroam\u00e9rica, Panam\u00e1 y Rep\u00fablica Dominicana (SECOSEFIN)<\/span><\/b><span data-contrast=\"auto\"> through the <\/span><b><span data-contrast=\"auto\">Programa Buena Gobernanza Financiera de \u00a0la Cooperaci\u00f3n Alemana para el Desarrollo,GIZ<\/span><\/b><span data-contrast=\"auto\">, and had the support of<\/span><b><span data-contrast=\"auto\">Agencia Estatal de Administraci\u00f3n Tributaria de Espa\u00f1a (AEAT)<\/span><\/b><span data-contrast=\"auto\">, el\u00a0<\/span><span data-contrast=\"auto\"><b>Centro Interamericano de Administraciones Tributarias (CIAT)<\/b> &amp; <\/span><b><span data-contrast=\"auto\">Grupo del Banco Mundial (BM)<\/span><\/b><span data-contrast=\"auto\">.\u00a0<\/span><span data-ccp-props=\"{&quot;201341983&quot;:0,&quot;335551550&quot;:6,&quot;335551620&quot;:6,&quot;335559740&quot;:360}\">\u00a0<\/span><\/p>\n<p data-start=\"841\" data-end=\"1399\">This exchange brought together<strong> more than fifty participants from various countries<\/strong>, establishing itself as a strategic platform for sharing knowledge, experiences, and best practices among tax administrations and ministries of finance in the region, as well as regional and international organizations. The broad participation reflected the commitment of countries in the region to strengthen their tax systems, making them more equitable, efficient, and aligned with international standards, in a context of increasing complexity of cross-border operations.<\/p>\n<p data-start=\"1401\" data-end=\"2030\">The workshop included the participation of officials from the tax administrations of <strong>Costa Rica, El Salvador, Guatemala, Honduras, Nicaragua, Panama, and the Dominican Republic\u2014COSEFIN<\/strong> member countries\u2014as well as invited administrations from <strong>South America, including Brazil, Colombia, Ecuador, and Paraguay.<\/strong> Their participation represents a significant milestone in regional coordination and cooperation in international taxation, fostering dialogue among countries with varying levels of experience in transfer pricing audits, and generating a positive impact on both technical and procedural learning beyond the COSEFIN region.<\/p>\n<p data-start=\"70\" data-end=\"839\">In Antigua Guatemala, from April 13 to 16, 2026, the Regional Workshop on Transfer Pricing \u2013 Advanced Level was held, a high-level technical space aimed at strengthening specialized capacities in tax audit practices. The event was jointly organized by the Superintendence of Tax Administration of Guatemala (SAT), the Organisation for Economic Co-operation and Development (OECD), and the Executive Secretariat of the Council of Ministers of Finance of Central America, Panama, and the Dominican Republic (SECOSEFIN), through the Good Financial Governance Program of the German Development Cooperation (GIZ). It was supported by the Spanish State Tax Administration Agency (AEAT), the Inter-American Center of Tax Administrations (CIAT), and the World Bank Group (WBG).<\/p>\n<p data-start=\"841\" data-end=\"1399\">This exchange brought together more than fifty participants from various countries, establishing itself as a strategic platform for sharing knowledge, experiences, and best practices among tax administrations and ministries of finance in the region, as well as regional and international organizations. The broad participation reflected the commitment of countries in the region to strengthen their tax systems, making them more equitable, efficient, and aligned with international standards, in a context of increasing complexity of cross-border operations.<\/p>\n<p data-start=\"1401\" data-end=\"2030\">The workshop included the participation of officials from the tax administrations of Costa Rica, El Salvador, Guatemala, Honduras, Nicaragua, Panama, and the Dominican Republic\u2014COSEFIN member countries\u2014as well as invited administrations from South America, including Brazil, Colombia, Ecuador, and Paraguay. Their participation represents a significant milestone in regional coordination and cooperation in international taxation, fostering dialogue among countries with varying levels of experience in transfer pricing audits, and generating a positive impact on both technical and procedural learning beyond the COSEFIN region.<\/p>\n<p data-start=\"2032\" data-end=\"2419\">Participants reaffirmed the benefits of applying the OECD Transfer Pricing Guidelines and discussed challenges and success stories in their audit work, as well as key considerations in cases brought before courts. These discussions enabled the identification of patterns, strategies, and recommendations to be considered by different tax administrations in their future audit activities.<\/p>\n<p data-start=\"2421\" data-end=\"2800\">Participants also highlighted the contribution of Chile\u2019s Internal Revenue Service (SII), whose virtual presentation comprehensively addressed risk analysis as a central pillar of transfer pricing audits. The SII presentation included practical examples and concrete results demonstrating how risk-based management enhances the efficiency and effectiveness of specialized audits.<\/p>\n<p data-start=\"2802\" data-end=\"3241\">Within the framework of the workshop, the Basic Manual for Transfer Pricing Auditors was officially presented, representing a strategic milestone in strengthening institutional capacities in the region. This instrument is the result of a collaborative process among officials and specialists from the tax administrations of COSEFIN member countries, with the support of the OECD and the backing of the German Development Cooperation (GIZ).<\/p>\n<p data-start=\"3243\" data-end=\"3754\">The Manual is designed to strengthen the technical capacities of tax administration officials in the highly specialized area of transfer pricing, providing practical guidelines, standardized criteria, and operational tools aligned with international best practices. It also aims to contribute to the sustainability of technical knowledge by facilitating continuous training processes, reducing gaps among administrations, and supporting the development of more effective and consistent audits across the region.<\/p>\n<p data-start=\"3756\" data-end=\"4367\">Finally, participants emphasized the high strategic value of this type of regional workshop, underscoring that in the field of transfer pricing audits, the systematic exchange of experiences, approaches, and lessons learned is both essential and strategic for strengthening institutional capacities. In a context of increasing complexity in cross-border operations, these regional spaces directly contribute to promoting more effective, coordinated responses aligned with international standards, reaffirming the region\u2019s commitment to a more fair, transparent, and sustainable international taxation framework.<\/p>\n<p data-start=\"4369\" data-end=\"4665\">Looking ahead, participants highlighted the need to establish regional mechanisms for the use of international instruments that facilitate information exchange, joint risk and data analysis, joint audits across jurisdictions, and the consideration of transfer pricing jurisprudence in the region.<\/p>\n\n\t\t<style type=\"text\/css\">\n\t\t\t#gallery-1 {\n\t\t\t\tmargin: auto;\n\t\t\t}\n\t\t\t#gallery-1 .gallery-item {\n\t\t\t\tfloat: left;\n\t\t\t\tmargin-top: 10px;\n\t\t\t\ttext-align: center;\n\t\t\t\twidth: 33%;\n\t\t\t}\n\t\t\t#gallery-1 img {\n\t\t\t\tborder: 2px solid #cfcfcf;\n\t\t\t}\n\t\t\t#gallery-1 .gallery-caption {\n\t\t\t\tmargin-left: 0;\n\t\t\t}\n\t\t\t\/* see gallery_shortcode() in wp-includes\/media.php *\/\n\t\t<\/style>\n\t\t<div id='gallery-1' class='gallery galleryid-5838 gallery-columns-3 gallery-size-thumbnail'><dl class='gallery-item'>\n\t\t\t<dt class='gallery-icon landscape'>\n\t\t\t\t<a href='https:\/\/cosefin.org\/en\/la-region-fortalece-su-capacidad-fiscal-para-enfrentar-los-desafios-de-la-tributacion-internacional\/img_7222-jpg\/'><img decoding=\"async\" width=\"150\" height=\"150\" src=\"https:\/\/cosefin.org\/wp-content\/uploads\/2026\/04\/IMG_7222.JPG-150x150.jpeg\" class=\"attachment-thumbnail size-thumbnail\" alt=\"\" srcset=\"https:\/\/cosefin.org\/wp-content\/uploads\/2026\/04\/IMG_7222.JPG-150x150.jpeg 150w, https:\/\/cosefin.org\/wp-content\/uploads\/2026\/04\/IMG_7222.JPG-100x100.jpeg 100w, https:\/\/cosefin.org\/wp-content\/uploads\/2026\/04\/IMG_7222.JPG-140x140.jpeg 140w, https:\/\/cosefin.org\/wp-content\/uploads\/2026\/04\/IMG_7222.JPG-500x500.jpeg 500w, https:\/\/cosefin.org\/wp-content\/uploads\/2026\/04\/IMG_7222.JPG-350x350.jpeg 350w, https:\/\/cosefin.org\/wp-content\/uploads\/2026\/04\/IMG_7222.JPG-1000x1000.jpeg 1000w, https:\/\/cosefin.org\/wp-content\/uploads\/2026\/04\/IMG_7222.JPG-800x800.jpeg 800w\" sizes=\"(max-width: 150px) 100vw, 150px\" \/><\/a>\n\t\t\t<\/dt><\/dl><dl class='gallery-item'>\n\t\t\t<dt class='gallery-icon landscape'>\n\t\t\t\t<a href='https:\/\/cosefin.org\/en\/la-region-fortalece-su-capacidad-fiscal-para-enfrentar-los-desafios-de-la-tributacion-internacional\/img_7219-jpg\/'><img decoding=\"async\" width=\"150\" height=\"150\" src=\"https:\/\/cosefin.org\/wp-content\/uploads\/2026\/04\/IMG_7219.JPG-150x150.jpeg\" class=\"attachment-thumbnail size-thumbnail\" alt=\"\" srcset=\"https:\/\/cosefin.org\/wp-content\/uploads\/2026\/04\/IMG_7219.JPG-150x150.jpeg 150w, https:\/\/cosefin.org\/wp-content\/uploads\/2026\/04\/IMG_7219.JPG-100x100.jpeg 100w, https:\/\/cosefin.org\/wp-content\/uploads\/2026\/04\/IMG_7219.JPG-140x140.jpeg 140w, https:\/\/cosefin.org\/wp-content\/uploads\/2026\/04\/IMG_7219.JPG-500x500.jpeg 500w, https:\/\/cosefin.org\/wp-content\/uploads\/2026\/04\/IMG_7219.JPG-350x350.jpeg 350w, https:\/\/cosefin.org\/wp-content\/uploads\/2026\/04\/IMG_7219.JPG-1000x1000.jpeg 1000w, https:\/\/cosefin.org\/wp-content\/uploads\/2026\/04\/IMG_7219.JPG-800x800.jpeg 800w\" sizes=\"(max-width: 150px) 100vw, 150px\" \/><\/a>\n\t\t\t<\/dt><\/dl><dl class='gallery-item'>\n\t\t\t<dt class='gallery-icon landscape'>\n\t\t\t\t<a href='https:\/\/cosefin.org\/en\/la-region-fortalece-su-capacidad-fiscal-para-enfrentar-los-desafios-de-la-tributacion-internacional\/img_7220-jpg\/'><img decoding=\"async\" width=\"150\" height=\"150\" src=\"https:\/\/cosefin.org\/wp-content\/uploads\/2026\/04\/IMG_7220.JPG-150x150.jpeg\" class=\"attachment-thumbnail size-thumbnail\" alt=\"\" srcset=\"https:\/\/cosefin.org\/wp-content\/uploads\/2026\/04\/IMG_7220.JPG-150x150.jpeg 150w, https:\/\/cosefin.org\/wp-content\/uploads\/2026\/04\/IMG_7220.JPG-100x100.jpeg 100w, https:\/\/cosefin.org\/wp-content\/uploads\/2026\/04\/IMG_7220.JPG-140x140.jpeg 140w, https:\/\/cosefin.org\/wp-content\/uploads\/2026\/04\/IMG_7220.JPG-500x500.jpeg 500w, https:\/\/cosefin.org\/wp-content\/uploads\/2026\/04\/IMG_7220.JPG-350x350.jpeg 350w, https:\/\/cosefin.org\/wp-content\/uploads\/2026\/04\/IMG_7220.JPG-1000x1000.jpeg 1000w, https:\/\/cosefin.org\/wp-content\/uploads\/2026\/04\/IMG_7220.JPG-800x800.jpeg 800w\" sizes=\"(max-width: 150px) 100vw, 150px\" \/><\/a>\n\t\t\t<\/dt><\/dl><br style=\"clear: both\" \/><dl class='gallery-item'>\n\t\t\t<dt class='gallery-icon landscape'>\n\t\t\t\t<a href='https:\/\/cosefin.org\/en\/la-region-fortalece-su-capacidad-fiscal-para-enfrentar-los-desafios-de-la-tributacion-internacional\/img_7225-jpg\/'><img loading=\"lazy\" decoding=\"async\" width=\"150\" height=\"150\" src=\"https:\/\/cosefin.org\/wp-content\/uploads\/2026\/04\/IMG_7225.JPG-150x150.jpeg\" class=\"attachment-thumbnail size-thumbnail\" alt=\"\" srcset=\"https:\/\/cosefin.org\/wp-content\/uploads\/2026\/04\/IMG_7225.JPG-150x150.jpeg 150w, https:\/\/cosefin.org\/wp-content\/uploads\/2026\/04\/IMG_7225.JPG-100x100.jpeg 100w, https:\/\/cosefin.org\/wp-content\/uploads\/2026\/04\/IMG_7225.JPG-140x140.jpeg 140w, https:\/\/cosefin.org\/wp-content\/uploads\/2026\/04\/IMG_7225.JPG-500x500.jpeg 500w, https:\/\/cosefin.org\/wp-content\/uploads\/2026\/04\/IMG_7225.JPG-350x350.jpeg 350w, https:\/\/cosefin.org\/wp-content\/uploads\/2026\/04\/IMG_7225.JPG-1000x1000.jpeg 1000w, https:\/\/cosefin.org\/wp-content\/uploads\/2026\/04\/IMG_7225.JPG-800x800.jpeg 800w\" sizes=\"(max-width: 150px) 100vw, 150px\" \/><\/a>\n\t\t\t<\/dt><\/dl><dl class='gallery-item'>\n\t\t\t<dt class='gallery-icon landscape'>\n\t\t\t\t<a href='https:\/\/cosefin.org\/en\/la-region-fortalece-su-capacidad-fiscal-para-enfrentar-los-desafios-de-la-tributacion-internacional\/img_7235-jpg\/'><img loading=\"lazy\" decoding=\"async\" width=\"150\" height=\"150\" src=\"https:\/\/cosefin.org\/wp-content\/uploads\/2026\/04\/IMG_7235.JPG-150x150.jpeg\" class=\"attachment-thumbnail size-thumbnail\" alt=\"\" srcset=\"https:\/\/cosefin.org\/wp-content\/uploads\/2026\/04\/IMG_7235.JPG-150x150.jpeg 150w, https:\/\/cosefin.org\/wp-content\/uploads\/2026\/04\/IMG_7235.JPG-100x100.jpeg 100w, https:\/\/cosefin.org\/wp-content\/uploads\/2026\/04\/IMG_7235.JPG-140x140.jpeg 140w, https:\/\/cosefin.org\/wp-content\/uploads\/2026\/04\/IMG_7235.JPG-500x500.jpeg 500w, https:\/\/cosefin.org\/wp-content\/uploads\/2026\/04\/IMG_7235.JPG-350x350.jpeg 350w, https:\/\/cosefin.org\/wp-content\/uploads\/2026\/04\/IMG_7235.JPG-1000x1000.jpeg 1000w, https:\/\/cosefin.org\/wp-content\/uploads\/2026\/04\/IMG_7235.JPG-800x800.jpeg 800w\" sizes=\"(max-width: 150px) 100vw, 150px\" \/><\/a>\n\t\t\t<\/dt><\/dl><dl class='gallery-item'>\n\t\t\t<dt class='gallery-icon landscape'>\n\t\t\t\t<a href='https:\/\/cosefin.org\/en\/la-region-fortalece-su-capacidad-fiscal-para-enfrentar-los-desafios-de-la-tributacion-internacional\/img_7237-jpg\/'><img loading=\"lazy\" decoding=\"async\" width=\"150\" height=\"150\" src=\"https:\/\/cosefin.org\/wp-content\/uploads\/2026\/04\/IMG_7237.JPG-150x150.jpeg\" class=\"attachment-thumbnail size-thumbnail\" alt=\"\" srcset=\"https:\/\/cosefin.org\/wp-content\/uploads\/2026\/04\/IMG_7237.JPG-150x150.jpeg 150w, https:\/\/cosefin.org\/wp-content\/uploads\/2026\/04\/IMG_7237.JPG-100x100.jpeg 100w, https:\/\/cosefin.org\/wp-content\/uploads\/2026\/04\/IMG_7237.JPG-140x140.jpeg 140w, https:\/\/cosefin.org\/wp-content\/uploads\/2026\/04\/IMG_7237.JPG-500x500.jpeg 500w, https:\/\/cosefin.org\/wp-content\/uploads\/2026\/04\/IMG_7237.JPG-350x350.jpeg 350w, https:\/\/cosefin.org\/wp-content\/uploads\/2026\/04\/IMG_7237.JPG-1000x1000.jpeg 1000w, https:\/\/cosefin.org\/wp-content\/uploads\/2026\/04\/IMG_7237.JPG-800x800.jpeg 800w\" sizes=\"(max-width: 150px) 100vw, 150px\" \/><\/a>\n\t\t\t<\/dt><\/dl><br style=\"clear: both\" \/><dl class='gallery-item'>\n\t\t\t<dt class='gallery-icon landscape'>\n\t\t\t\t<a href='https:\/\/cosefin.org\/en\/la-region-fortalece-su-capacidad-fiscal-para-enfrentar-los-desafios-de-la-tributacion-internacional\/img_7242-jpg\/'><img loading=\"lazy\" decoding=\"async\" width=\"150\" height=\"150\" src=\"https:\/\/cosefin.org\/wp-content\/uploads\/2026\/04\/IMG_7242.JPG-150x150.jpeg\" class=\"attachment-thumbnail size-thumbnail\" alt=\"\" srcset=\"https:\/\/cosefin.org\/wp-content\/uploads\/2026\/04\/IMG_7242.JPG-150x150.jpeg 150w, https:\/\/cosefin.org\/wp-content\/uploads\/2026\/04\/IMG_7242.JPG-100x100.jpeg 100w, https:\/\/cosefin.org\/wp-content\/uploads\/2026\/04\/IMG_7242.JPG-140x140.jpeg 140w, https:\/\/cosefin.org\/wp-content\/uploads\/2026\/04\/IMG_7242.JPG-500x500.jpeg 500w, https:\/\/cosefin.org\/wp-content\/uploads\/2026\/04\/IMG_7242.JPG-350x350.jpeg 350w, https:\/\/cosefin.org\/wp-content\/uploads\/2026\/04\/IMG_7242.JPG-1000x1000.jpeg 1000w, https:\/\/cosefin.org\/wp-content\/uploads\/2026\/04\/IMG_7242.JPG-800x800.jpeg 800w\" sizes=\"(max-width: 150px) 100vw, 150px\" \/><\/a>\n\t\t\t<\/dt><\/dl><dl class='gallery-item'>\n\t\t\t<dt class='gallery-icon landscape'>\n\t\t\t\t<a href='https:\/\/cosefin.org\/en\/la-region-fortalece-su-capacidad-fiscal-para-enfrentar-los-desafios-de-la-tributacion-internacional\/img_7245-jpg\/'><img loading=\"lazy\" decoding=\"async\" width=\"150\" height=\"150\" src=\"https:\/\/cosefin.org\/wp-content\/uploads\/2026\/04\/IMG_7245.JPG-150x150.jpeg\" class=\"attachment-thumbnail size-thumbnail\" alt=\"\" srcset=\"https:\/\/cosefin.org\/wp-content\/uploads\/2026\/04\/IMG_7245.JPG-150x150.jpeg 150w, https:\/\/cosefin.org\/wp-content\/uploads\/2026\/04\/IMG_7245.JPG-100x100.jpeg 100w, https:\/\/cosefin.org\/wp-content\/uploads\/2026\/04\/IMG_7245.JPG-140x140.jpeg 140w, https:\/\/cosefin.org\/wp-content\/uploads\/2026\/04\/IMG_7245.JPG-500x500.jpeg 500w, https:\/\/cosefin.org\/wp-content\/uploads\/2026\/04\/IMG_7245.JPG-350x350.jpeg 350w, https:\/\/cosefin.org\/wp-content\/uploads\/2026\/04\/IMG_7245.JPG-1000x1000.jpeg 1000w, https:\/\/cosefin.org\/wp-content\/uploads\/2026\/04\/IMG_7245.JPG-800x800.jpeg 800w\" sizes=\"(max-width: 150px) 100vw, 150px\" \/><\/a>\n\t\t\t<\/dt><\/dl><dl class='gallery-item'>\n\t\t\t<dt class='gallery-icon landscape'>\n\t\t\t\t<a href='https:\/\/cosefin.org\/en\/la-region-fortalece-su-capacidad-fiscal-para-enfrentar-los-desafios-de-la-tributacion-internacional\/img_7247-jpg\/'><img loading=\"lazy\" decoding=\"async\" width=\"150\" height=\"150\" src=\"https:\/\/cosefin.org\/wp-content\/uploads\/2026\/04\/IMG_7247.JPG-150x150.jpeg\" class=\"attachment-thumbnail size-thumbnail\" alt=\"\" srcset=\"https:\/\/cosefin.org\/wp-content\/uploads\/2026\/04\/IMG_7247.JPG-150x150.jpeg 150w, https:\/\/cosefin.org\/wp-content\/uploads\/2026\/04\/IMG_7247.JPG-100x100.jpeg 100w, https:\/\/cosefin.org\/wp-content\/uploads\/2026\/04\/IMG_7247.JPG-140x140.jpeg 140w, https:\/\/cosefin.org\/wp-content\/uploads\/2026\/04\/IMG_7247.JPG-500x500.jpeg 500w, https:\/\/cosefin.org\/wp-content\/uploads\/2026\/04\/IMG_7247.JPG-350x350.jpeg 350w, https:\/\/cosefin.org\/wp-content\/uploads\/2026\/04\/IMG_7247.JPG-1000x1000.jpeg 1000w, https:\/\/cosefin.org\/wp-content\/uploads\/2026\/04\/IMG_7247.JPG-800x800.jpeg 800w\" sizes=\"(max-width: 150px) 100vw, 150px\" \/><\/a>\n\t\t\t<\/dt><\/dl><br style=\"clear: both\" \/>\n\t\t<\/div>\n\n<p>&nbsp;<\/p>\n<p>&nbsp;<\/p>\n<p><img loading=\"lazy\" decoding=\"async\" class=\"alignnone size-full wp-image-5677\" src=\"https:\/\/cosefin.org\/wp-content\/uploads\/2026\/04\/PPT-TALLER-REGIONAL-PRECIOS-DE-TRANSFERENCIA.jpg\" alt=\"\" width=\"1919\" height=\"123\" srcset=\"https:\/\/cosefin.org\/wp-content\/uploads\/2026\/04\/PPT-TALLER-REGIONAL-PRECIOS-DE-TRANSFERENCIA.jpg 1919w, https:\/\/cosefin.org\/wp-content\/uploads\/2026\/04\/PPT-TALLER-REGIONAL-PRECIOS-DE-TRANSFERENCIA-300x19.jpg 300w, https:\/\/cosefin.org\/wp-content\/uploads\/2026\/04\/PPT-TALLER-REGIONAL-PRECIOS-DE-TRANSFERENCIA-1024x66.jpg 1024w, https:\/\/cosefin.org\/wp-content\/uploads\/2026\/04\/PPT-TALLER-REGIONAL-PRECIOS-DE-TRANSFERENCIA-768x49.jpg 768w, https:\/\/cosefin.org\/wp-content\/uploads\/2026\/04\/PPT-TALLER-REGIONAL-PRECIOS-DE-TRANSFERENCIA-1536x98.jpg 1536w\" sizes=\"(max-width: 1919px) 100vw, 1919px\" \/><\/p>\n","protected":false},"excerpt":{"rendered":"<p>In Antigua Guatemala, from April 13 to 16, 2026, the Regional Workshop on Transfer Pricing \u2013 Advanced Level was held, a high-level technical space aimed at strengthening specialized capacities in&#8230;<\/p>\n","protected":false},"author":9,"featured_media":5828,"comment_status":"closed","ping_status":"closed","sticky":false,"template":"","format":"standard","meta":{"_acf_changed":false,"_eb_attr":"","inline_featured_image":false,"footnotes":""},"categories":[1],"tags":[],"class_list":["post-5838","post","type-post","status-publish","format-standard","has-post-thumbnail","category-sin-categorizar"],"acf":[],"yoast_head":"<!-- This site is optimized with the Yoast SEO plugin v27.4 - https:\/\/yoast.com\/product\/yoast-seo-wordpress\/ -->\n<title>The region is strengthening its fiscal capacity to face the challenges of international taxation - COSEFIN<\/title>\n<meta name=\"robots\" content=\"index, follow, max-snippet:-1, max-image-preview:large, max-video-preview:-1\" \/>\n<link rel=\"canonical\" href=\"https:\/\/cosefin.org\/en\/la-region-fortalece-su-capacidad-fiscal-para-enfrentar-los-desafios-de-la-tributacion-internacional\/\" \/>\n<meta property=\"og:locale\" content=\"en_US\" \/>\n<meta property=\"og:type\" content=\"article\" \/>\n<meta property=\"og:title\" content=\"The region is strengthening its fiscal capacity to face the challenges of international taxation - COSEFIN\" \/>\n<meta property=\"og:description\" content=\"In Antigua Guatemala, from April 13 to 16, 2026, the Regional Workshop on Transfer Pricing \u2013 Advanced Level was held, a high-level technical space aimed at strengthening specialized capacities in...\" \/>\n<meta property=\"og:url\" content=\"https:\/\/cosefin.org\/en\/la-region-fortalece-su-capacidad-fiscal-para-enfrentar-los-desafios-de-la-tributacion-internacional\/\" \/>\n<meta property=\"og:site_name\" content=\"COSEFIN\" \/>\n<meta property=\"article:publisher\" content=\"http:\/\/facebook.com\/secosefin\" \/>\n<meta property=\"article:published_time\" content=\"2026-04-17T15:55:39+00:00\" \/>\n<meta property=\"article:modified_time\" content=\"2026-04-27T14:50:21+00:00\" \/>\n<meta property=\"og:image\" content=\"https:\/\/cosefin.org\/wp-content\/uploads\/2026\/04\/IMG_7251.JPG-scaled.jpeg\" \/>\n\t<meta property=\"og:image:width\" content=\"2560\" \/>\n\t<meta property=\"og:image:height\" content=\"1707\" \/>\n\t<meta property=\"og:image:type\" content=\"image\/jpeg\" \/>\n<meta name=\"author\" content=\"Carlos Pe\u00f1a\" \/>\n<meta name=\"twitter:card\" content=\"summary_large_image\" \/>\n<meta name=\"twitter:creator\" content=\"@SECOSEFIN\" \/>\n<meta name=\"twitter:site\" content=\"@SECOSEFIN\" \/>\n<script type=\"application\/ld+json\" class=\"yoast-schema-graph\">{\"@context\":\"https:\\\/\\\/schema.org\",\"@graph\":[{\"@type\":\"Article\",\"@id\":\"https:\\\/\\\/cosefin.org\\\/en\\\/la-region-fortalece-su-capacidad-fiscal-para-enfrentar-los-desafios-de-la-tributacion-internacional\\\/#article\",\"isPartOf\":{\"@id\":\"https:\\\/\\\/cosefin.org\\\/en\\\/la-region-fortalece-su-capacidad-fiscal-para-enfrentar-los-desafios-de-la-tributacion-internacional\\\/\"},\"author\":{\"name\":\"Carlos Pe\u00f1a\",\"@id\":\"https:\\\/\\\/cosefin.org\\\/en\\\/#\\\/schema\\\/person\\\/f39e28aa04baf30c2f6edc45ddfe29ab\"},\"headline\":\"The region is strengthening its fiscal capacity to face the challenges of international taxation\",\"datePublished\":\"2026-04-17T15:55:39+00:00\",\"dateModified\":\"2026-04-27T14:50:21+00:00\",\"mainEntityOfPage\":{\"@id\":\"https:\\\/\\\/cosefin.org\\\/en\\\/la-region-fortalece-su-capacidad-fiscal-para-enfrentar-los-desafios-de-la-tributacion-internacional\\\/\"},\"wordCount\":914,\"publisher\":{\"@id\":\"https:\\\/\\\/cosefin.org\\\/en\\\/#organization\"},\"image\":{\"@id\":\"https:\\\/\\\/cosefin.org\\\/en\\\/la-region-fortalece-su-capacidad-fiscal-para-enfrentar-los-desafios-de-la-tributacion-internacional\\\/#primaryimage\"},\"thumbnailUrl\":\"https:\\\/\\\/cosefin.org\\\/wp-content\\\/uploads\\\/2026\\\/04\\\/IMG_7251.JPG-scaled.jpeg\",\"articleSection\":[\"Sin categorizar\"],\"inLanguage\":\"en-US\"},{\"@type\":\"WebPage\",\"@id\":\"https:\\\/\\\/cosefin.org\\\/en\\\/la-region-fortalece-su-capacidad-fiscal-para-enfrentar-los-desafios-de-la-tributacion-internacional\\\/\",\"url\":\"https:\\\/\\\/cosefin.org\\\/en\\\/la-region-fortalece-su-capacidad-fiscal-para-enfrentar-los-desafios-de-la-tributacion-internacional\\\/\",\"name\":\"The region is strengthening its fiscal capacity to face the challenges of international taxation - COSEFIN\",\"isPartOf\":{\"@id\":\"https:\\\/\\\/cosefin.org\\\/en\\\/#website\"},\"primaryImageOfPage\":{\"@id\":\"https:\\\/\\\/cosefin.org\\\/en\\\/la-region-fortalece-su-capacidad-fiscal-para-enfrentar-los-desafios-de-la-tributacion-internacional\\\/#primaryimage\"},\"image\":{\"@id\":\"https:\\\/\\\/cosefin.org\\\/en\\\/la-region-fortalece-su-capacidad-fiscal-para-enfrentar-los-desafios-de-la-tributacion-internacional\\\/#primaryimage\"},\"thumbnailUrl\":\"https:\\\/\\\/cosefin.org\\\/wp-content\\\/uploads\\\/2026\\\/04\\\/IMG_7251.JPG-scaled.jpeg\",\"datePublished\":\"2026-04-17T15:55:39+00:00\",\"dateModified\":\"2026-04-27T14:50:21+00:00\",\"breadcrumb\":{\"@id\":\"https:\\\/\\\/cosefin.org\\\/en\\\/la-region-fortalece-su-capacidad-fiscal-para-enfrentar-los-desafios-de-la-tributacion-internacional\\\/#breadcrumb\"},\"inLanguage\":\"en-US\",\"potentialAction\":[{\"@type\":\"ReadAction\",\"target\":[\"https:\\\/\\\/cosefin.org\\\/en\\\/la-region-fortalece-su-capacidad-fiscal-para-enfrentar-los-desafios-de-la-tributacion-internacional\\\/\"]}]},{\"@type\":\"ImageObject\",\"inLanguage\":\"en-US\",\"@id\":\"https:\\\/\\\/cosefin.org\\\/en\\\/la-region-fortalece-su-capacidad-fiscal-para-enfrentar-los-desafios-de-la-tributacion-internacional\\\/#primaryimage\",\"url\":\"https:\\\/\\\/cosefin.org\\\/wp-content\\\/uploads\\\/2026\\\/04\\\/IMG_7251.JPG-scaled.jpeg\",\"contentUrl\":\"https:\\\/\\\/cosefin.org\\\/wp-content\\\/uploads\\\/2026\\\/04\\\/IMG_7251.JPG-scaled.jpeg\",\"width\":2560,\"height\":1707},{\"@type\":\"BreadcrumbList\",\"@id\":\"https:\\\/\\\/cosefin.org\\\/en\\\/la-region-fortalece-su-capacidad-fiscal-para-enfrentar-los-desafios-de-la-tributacion-internacional\\\/#breadcrumb\",\"itemListElement\":[{\"@type\":\"ListItem\",\"position\":1,\"name\":\"Portada\",\"item\":\"https:\\\/\\\/cosefin.org\\\/en\\\/\"},{\"@type\":\"ListItem\",\"position\":2,\"name\":\"The region is strengthening its fiscal capacity to face the challenges of international taxation\"}]},{\"@type\":\"WebSite\",\"@id\":\"https:\\\/\\\/cosefin.org\\\/en\\\/#website\",\"url\":\"https:\\\/\\\/cosefin.org\\\/en\\\/\",\"name\":\"COSEFIN\",\"description\":\"Consejo de Ministros de Hacienda o Finanzas de Centroam\u00e9rica, Panam\u00e1 y Rep\u00fablica Dominicana\",\"publisher\":{\"@id\":\"https:\\\/\\\/cosefin.org\\\/en\\\/#organization\"},\"alternateName\":\"SECOSEFIN\",\"potentialAction\":[{\"@type\":\"SearchAction\",\"target\":{\"@type\":\"EntryPoint\",\"urlTemplate\":\"https:\\\/\\\/cosefin.org\\\/en\\\/?s={search_term_string}\"},\"query-input\":{\"@type\":\"PropertyValueSpecification\",\"valueRequired\":true,\"valueName\":\"search_term_string\"}}],\"inLanguage\":\"en-US\"},{\"@type\":\"Organization\",\"@id\":\"https:\\\/\\\/cosefin.org\\\/en\\\/#organization\",\"name\":\"COSEFIN\",\"url\":\"https:\\\/\\\/cosefin.org\\\/en\\\/\",\"logo\":{\"@type\":\"ImageObject\",\"inLanguage\":\"en-US\",\"@id\":\"https:\\\/\\\/cosefin.org\\\/en\\\/#\\\/schema\\\/logo\\\/image\\\/\",\"url\":\"https:\\\/\\\/cosefin.org\\\/wp-content\\\/uploads\\\/2022\\\/11\\\/Favicon.svg\",\"contentUrl\":\"https:\\\/\\\/cosefin.org\\\/wp-content\\\/uploads\\\/2022\\\/11\\\/Favicon.svg\",\"width\":114,\"height\":114,\"caption\":\"COSEFIN\"},\"image\":{\"@id\":\"https:\\\/\\\/cosefin.org\\\/en\\\/#\\\/schema\\\/logo\\\/image\\\/\"},\"sameAs\":[\"http:\\\/\\\/facebook.com\\\/secosefin\",\"https:\\\/\\\/x.com\\\/SECOSEFIN\"]},{\"@type\":\"Person\",\"@id\":\"https:\\\/\\\/cosefin.org\\\/en\\\/#\\\/schema\\\/person\\\/f39e28aa04baf30c2f6edc45ddfe29ab\",\"name\":\"Carlos Pe\u00f1a\",\"image\":{\"@type\":\"ImageObject\",\"inLanguage\":\"en-US\",\"@id\":\"https:\\\/\\\/secure.gravatar.com\\\/avatar\\\/5e6f722216453486ff16f65d22476e95378713155bffeabf2ed4de3ed486ab69?s=96&d=mm&r=g\",\"url\":\"https:\\\/\\\/secure.gravatar.com\\\/avatar\\\/5e6f722216453486ff16f65d22476e95378713155bffeabf2ed4de3ed486ab69?s=96&d=mm&r=g\",\"contentUrl\":\"https:\\\/\\\/secure.gravatar.com\\\/avatar\\\/5e6f722216453486ff16f65d22476e95378713155bffeabf2ed4de3ed486ab69?s=96&d=mm&r=g\",\"caption\":\"Carlos Pe\u00f1a\"},\"url\":\"https:\\\/\\\/cosefin.org\\\/en\\\/author\\\/carlos-pena\\\/\"}]}<\/script>\n<!-- \/ Yoast SEO plugin. -->","yoast_head_json":{"title":"The region is strengthening its fiscal capacity to face the challenges of international taxation - COSEFIN","robots":{"index":"index","follow":"follow","max-snippet":"max-snippet:-1","max-image-preview":"max-image-preview:large","max-video-preview":"max-video-preview:-1"},"canonical":"https:\/\/cosefin.org\/en\/la-region-fortalece-su-capacidad-fiscal-para-enfrentar-los-desafios-de-la-tributacion-internacional\/","og_locale":"en_US","og_type":"article","og_title":"The region is strengthening its fiscal capacity to face the challenges of international taxation - COSEFIN","og_description":"In Antigua Guatemala, from April 13 to 16, 2026, the Regional Workshop on Transfer Pricing \u2013 Advanced Level was held, a high-level technical space aimed at strengthening specialized capacities in...","og_url":"https:\/\/cosefin.org\/en\/la-region-fortalece-su-capacidad-fiscal-para-enfrentar-los-desafios-de-la-tributacion-internacional\/","og_site_name":"COSEFIN","article_publisher":"http:\/\/facebook.com\/secosefin","article_published_time":"2026-04-17T15:55:39+00:00","article_modified_time":"2026-04-27T14:50:21+00:00","og_image":[{"width":2560,"height":1707,"url":"https:\/\/cosefin.org\/wp-content\/uploads\/2026\/04\/IMG_7251.JPG-scaled.jpeg","type":"image\/jpeg"}],"author":"Carlos Pe\u00f1a","twitter_card":"summary_large_image","twitter_creator":"@SECOSEFIN","twitter_site":"@SECOSEFIN","schema":{"@context":"https:\/\/schema.org","@graph":[{"@type":"Article","@id":"https:\/\/cosefin.org\/en\/la-region-fortalece-su-capacidad-fiscal-para-enfrentar-los-desafios-de-la-tributacion-internacional\/#article","isPartOf":{"@id":"https:\/\/cosefin.org\/en\/la-region-fortalece-su-capacidad-fiscal-para-enfrentar-los-desafios-de-la-tributacion-internacional\/"},"author":{"name":"Carlos Pe\u00f1a","@id":"https:\/\/cosefin.org\/en\/#\/schema\/person\/f39e28aa04baf30c2f6edc45ddfe29ab"},"headline":"The region is strengthening its fiscal capacity to face the challenges of international taxation","datePublished":"2026-04-17T15:55:39+00:00","dateModified":"2026-04-27T14:50:21+00:00","mainEntityOfPage":{"@id":"https:\/\/cosefin.org\/en\/la-region-fortalece-su-capacidad-fiscal-para-enfrentar-los-desafios-de-la-tributacion-internacional\/"},"wordCount":914,"publisher":{"@id":"https:\/\/cosefin.org\/en\/#organization"},"image":{"@id":"https:\/\/cosefin.org\/en\/la-region-fortalece-su-capacidad-fiscal-para-enfrentar-los-desafios-de-la-tributacion-internacional\/#primaryimage"},"thumbnailUrl":"https:\/\/cosefin.org\/wp-content\/uploads\/2026\/04\/IMG_7251.JPG-scaled.jpeg","articleSection":["Sin categorizar"],"inLanguage":"en-US"},{"@type":"WebPage","@id":"https:\/\/cosefin.org\/en\/la-region-fortalece-su-capacidad-fiscal-para-enfrentar-los-desafios-de-la-tributacion-internacional\/","url":"https:\/\/cosefin.org\/en\/la-region-fortalece-su-capacidad-fiscal-para-enfrentar-los-desafios-de-la-tributacion-internacional\/","name":"The region is strengthening its fiscal capacity to face the challenges of international taxation - COSEFIN","isPartOf":{"@id":"https:\/\/cosefin.org\/en\/#website"},"primaryImageOfPage":{"@id":"https:\/\/cosefin.org\/en\/la-region-fortalece-su-capacidad-fiscal-para-enfrentar-los-desafios-de-la-tributacion-internacional\/#primaryimage"},"image":{"@id":"https:\/\/cosefin.org\/en\/la-region-fortalece-su-capacidad-fiscal-para-enfrentar-los-desafios-de-la-tributacion-internacional\/#primaryimage"},"thumbnailUrl":"https:\/\/cosefin.org\/wp-content\/uploads\/2026\/04\/IMG_7251.JPG-scaled.jpeg","datePublished":"2026-04-17T15:55:39+00:00","dateModified":"2026-04-27T14:50:21+00:00","breadcrumb":{"@id":"https:\/\/cosefin.org\/en\/la-region-fortalece-su-capacidad-fiscal-para-enfrentar-los-desafios-de-la-tributacion-internacional\/#breadcrumb"},"inLanguage":"en-US","potentialAction":[{"@type":"ReadAction","target":["https:\/\/cosefin.org\/en\/la-region-fortalece-su-capacidad-fiscal-para-enfrentar-los-desafios-de-la-tributacion-internacional\/"]}]},{"@type":"ImageObject","inLanguage":"en-US","@id":"https:\/\/cosefin.org\/en\/la-region-fortalece-su-capacidad-fiscal-para-enfrentar-los-desafios-de-la-tributacion-internacional\/#primaryimage","url":"https:\/\/cosefin.org\/wp-content\/uploads\/2026\/04\/IMG_7251.JPG-scaled.jpeg","contentUrl":"https:\/\/cosefin.org\/wp-content\/uploads\/2026\/04\/IMG_7251.JPG-scaled.jpeg","width":2560,"height":1707},{"@type":"BreadcrumbList","@id":"https:\/\/cosefin.org\/en\/la-region-fortalece-su-capacidad-fiscal-para-enfrentar-los-desafios-de-la-tributacion-internacional\/#breadcrumb","itemListElement":[{"@type":"ListItem","position":1,"name":"Portada","item":"https:\/\/cosefin.org\/en\/"},{"@type":"ListItem","position":2,"name":"The region is strengthening its fiscal capacity to face the challenges of international taxation"}]},{"@type":"WebSite","@id":"https:\/\/cosefin.org\/en\/#website","url":"https:\/\/cosefin.org\/en\/","name":"COSEFIN","description":"Consejo de Ministros de Hacienda o Finanzas de Centroam\u00e9rica, Panam\u00e1 y Rep\u00fablica Dominicana","publisher":{"@id":"https:\/\/cosefin.org\/en\/#organization"},"alternateName":"SECOSEFIN","potentialAction":[{"@type":"SearchAction","target":{"@type":"EntryPoint","urlTemplate":"https:\/\/cosefin.org\/en\/?s={search_term_string}"},"query-input":{"@type":"PropertyValueSpecification","valueRequired":true,"valueName":"search_term_string"}}],"inLanguage":"en-US"},{"@type":"Organization","@id":"https:\/\/cosefin.org\/en\/#organization","name":"COSEFIN","url":"https:\/\/cosefin.org\/en\/","logo":{"@type":"ImageObject","inLanguage":"en-US","@id":"https:\/\/cosefin.org\/en\/#\/schema\/logo\/image\/","url":"https:\/\/cosefin.org\/wp-content\/uploads\/2022\/11\/Favicon.svg","contentUrl":"https:\/\/cosefin.org\/wp-content\/uploads\/2022\/11\/Favicon.svg","width":114,"height":114,"caption":"COSEFIN"},"image":{"@id":"https:\/\/cosefin.org\/en\/#\/schema\/logo\/image\/"},"sameAs":["http:\/\/facebook.com\/secosefin","https:\/\/x.com\/SECOSEFIN"]},{"@type":"Person","@id":"https:\/\/cosefin.org\/en\/#\/schema\/person\/f39e28aa04baf30c2f6edc45ddfe29ab","name":"Carlos Pe\u00f1a","image":{"@type":"ImageObject","inLanguage":"en-US","@id":"https:\/\/secure.gravatar.com\/avatar\/5e6f722216453486ff16f65d22476e95378713155bffeabf2ed4de3ed486ab69?s=96&d=mm&r=g","url":"https:\/\/secure.gravatar.com\/avatar\/5e6f722216453486ff16f65d22476e95378713155bffeabf2ed4de3ed486ab69?s=96&d=mm&r=g","contentUrl":"https:\/\/secure.gravatar.com\/avatar\/5e6f722216453486ff16f65d22476e95378713155bffeabf2ed4de3ed486ab69?s=96&d=mm&r=g","caption":"Carlos Pe\u00f1a"},"url":"https:\/\/cosefin.org\/en\/author\/carlos-pena\/"}]}},"_links":{"self":[{"href":"https:\/\/cosefin.org\/en\/wp-json\/wp\/v2\/posts\/5838","targetHints":{"allow":["GET"]}}],"collection":[{"href":"https:\/\/cosefin.org\/en\/wp-json\/wp\/v2\/posts"}],"about":[{"href":"https:\/\/cosefin.org\/en\/wp-json\/wp\/v2\/types\/post"}],"author":[{"embeddable":true,"href":"https:\/\/cosefin.org\/en\/wp-json\/wp\/v2\/users\/9"}],"replies":[{"embeddable":true,"href":"https:\/\/cosefin.org\/en\/wp-json\/wp\/v2\/comments?post=5838"}],"version-history":[{"count":3,"href":"https:\/\/cosefin.org\/en\/wp-json\/wp\/v2\/posts\/5838\/revisions"}],"predecessor-version":[{"id":5861,"href":"https:\/\/cosefin.org\/en\/wp-json\/wp\/v2\/posts\/5838\/revisions\/5861"}],"wp:featuredmedia":[{"embeddable":true,"href":"https:\/\/cosefin.org\/en\/wp-json\/wp\/v2\/media\/5828"}],"wp:attachment":[{"href":"https:\/\/cosefin.org\/en\/wp-json\/wp\/v2\/media?parent=5838"}],"wp:term":[{"taxonomy":"category","embeddable":true,"href":"https:\/\/cosefin.org\/en\/wp-json\/wp\/v2\/categories?post=5838"},{"taxonomy":"post_tag","embeddable":true,"href":"https:\/\/cosefin.org\/en\/wp-json\/wp\/v2\/tags?post=5838"}],"curies":[{"name":"wp","href":"https:\/\/api.w.org\/{rel}","templated":true}]}}